{"id":10229,"date":"2020-06-08T20:06:24","date_gmt":"2020-06-08T18:06:24","guid":{"rendered":"https:\/\/www.hoerske.de\/?p=10229"},"modified":"2020-06-08T20:07:42","modified_gmt":"2020-06-08T18:07:42","slug":"vorschau-auf-den-zweiten-abend-des-schwetzinger-musical-sommers","status":"publish","type":"post","link":"https:\/\/hoerske.de\/blog\/2020\/06\/vorschau-auf-den-zweiten-abend-des-schwetzinger-musical-sommers\/","title":{"rendered":"Vorschau auf den zweiten Abend des Schwetzinger Musical Sommers"},"content":{"rendered":"<p>Am Freitag, den 12.06.2020 um 20:30 Uhr folgt der zweite Teil des <a href=\"https:\/\/www.schwetzingermusicalsommer.de\/\">Schwetzinger Musical Sommers.<\/a><\/p>\n<p>Live aus der Wollfabrik in Schwetzingen werden <a href=\"https:\/\/www.facebook.com\/RobertaValentiniPage\/\">Roberta Valentini<\/a>&nbsp;und&nbsp;<a href=\"https:\/\/www.facebook.com\/joanafeewuerz\">Joana Fee W\u00fcrz<\/a>, bekannt aus Wicked \u2013 Die Hexen von Oz, Tarzan, Rebecca und Evita bekannt Hits aus den beliebstesten Musicals und einige eigene Interpretationen von bekannten Popsongs zum Besten geben.<\/p>\n<h2>Wohnzimmerkonzert der etwas anderen Art<\/h2>\n<p>Am Freitag Abend, perfekt nach der Tagesschau, werden es und wieder auf dem Sofa bequem machen und einschalten, wenn der Livestream aud der Wollfabrik Schwetzingen beginnt.<\/p>\n<p>Musicalfans, wie wir, m\u00fcssen in diesem Jahr leider auf unsere beliebten Sommerauftritte unserer Stars verzichten. Daher ist so eine &#8220;Ablenkung&#8221; total willkommen und wir freuen uns auf den sch\u00f6nen Abend.<\/p>\n<h2>Joana Fee W\u00fcrz hat uns vorab verraten, was wir so zu h\u00f6ren bekommen&#8230;<\/h2>\n<p><img data-recalc-dims=\"1\" loading=\"lazy\" decoding=\"async\" src=\"https:\/\/i0.wp.com\/www.hoerske.de\/blog\/wp-content\/uploads\/2020\/06\/Pressebild-Stars-151x300.jpg?resize=151%2C300&#038;ssl=1\" alt=\"\" srcset=\"https:\/\/i1.wp.com\/www.hoerske.de\/blog\/wp-content\/uploads\/2020\/06\/Pressebild-Stars.jpg?resize=151%2C300&amp;ssl=1 151w, https:\/\/i1.wp.com\/www.hoerske.de\/blog\/wp-content\/uploads\/2020\/06\/Pressebild-Stars.jpg?w=253&amp;ssl=1 253w\" sizes=\"auto, (max-width: 151px) 100vw, 151px\" width=\"151\" height=\"300\"><br \/>\n&nbsp;<strong>Timos Blog hat Joana gefragt:<\/strong>&nbsp;Die Hits der beliebtesten Musicals, aber auch neu interpretierte Songs der nationalen und internationalen Pop- und Rockmusik als Liveevent gestreamt: der Schwetzinger Musical Sommer.&nbsp;Ich stelle mir hier einen gro\u00dfen Kessel Buntes vor aus den sch\u00f6nsten Melodien der Musicalgeschichte. Was d\u00fcrfen die Zuschauer von euch beiden erwarten?&nbsp;&nbsp;<\/p>\n<p><strong>Joana Fee W\u00fcrz:<\/strong><\/p>\n<p>Ich werde zum Beispiel ein Mary Poppins Medley singen! Mary singt so viele Ohrw\u00fcrmer in der Show, da\u00df ich mich f\u00fcr keinen einzelnen Song entscheiden konnte!&nbsp;<\/p>\n<p>Unser Konzert wird also nicht nur aus Musicalsongs bestehen, im Gegenteil, wir werden auch viele andere bekannte Popsongs zum Besten geben \ud83d\ude09<\/p>\n<p>Es gibt viele wunderbare weibliche Duette. Wird es auch gemeinsame Lieder von euch geben?<\/p>\n<p>Nat\u00fcrlich werden Roberta und ich auch zusammen singen und werden songs aus Wicked singen, aber auch etwas aus Dear Evan Hansen und einige tolle Pop\/Rock Nummern!<\/p>\n<p>Ein Highlight f\u00fcr mich, wenn ich mit Roberta singe, ist definitiv Wicked!<\/p>\n<p>Zu zweit, nur von einigen Livemusikern begleitet, sind der Schwetzinger Musical<br \/>\nSommer eine besondere Herausforderung f\u00fcr euch?<\/p>\n<p>Fehlendes Livepublikum, aber<br \/>\ndennoch die Fans live dabei. Wie f\u00fchlt sich das f\u00fcr euch an?<\/p>\n<p>F\u00fcr mich ist es eine absolute Premiere, ohne Live &#8211; Publikum zu singen &#8211; ich bin mir sicher, da\u00df es erst mal sehr befremdlich und komisch sein wird\u2026 deswegen bin ich auch schon ziemlich aufgeregt &#8211; mit Kameras hab ich es eigentlich nicht so\u2026 \ud83d\ude09 aber ich freu mich auf die Gelegenheit wieder zu musizieren und singen, und dann gleich mit meiner besten Freundin &#8211; besser geht es nicht!!<\/p>\n<p>Wenn ihr nicht gerade probt oder euch auf neue Projekte vorbereitet, was macht ihr gerade in eurer Freizeit am Liebsten?<\/p>\n<p>In meiner Freizeit bin ich leidenschaftlich Mama&nbsp;&nbsp;&#8211; ich habe zwei tolle Kinder und einen gro\u00dfartigen Mann mit denen ich meine Zeit verbringe!&nbsp;Au\u00dferdem mache ich gerne Sport &#8211; Joggen, Radfahren, Wandern, Pilates \u2026<\/p>\n<p>Danke f\u00fcr eure Zeit. Ich w\u00fcnsche Euch ganz viel Erfolg f\u00fcr den bevorstehenden Auftritt und freue mich, euch von meiner Couch aus h\u00f6ren zu k\u00f6nnen.<\/p>\n<p>Danke zur\u00fcck.<\/p>\n<p>Die Antworten von Roberta Valentini lagen leider zum Zeitpunkt der Ver\u00f6ffentlichung noch nicht vor. Aber, wenn ich sie bekomme, dann erfahrt ihr nat\u00fcrlich auch Robertas Antworten.<\/p>\n<p>Ich freu mich sehr auf den Musicalabend am Freitag und hoffe ihr auch und besorgt euch noch schnell Tickets unter:<\/p>\n<p><a href=\"https:\/\/www.schwetzingermusicalsommer.de\/\">https:\/\/www.schwetzingermusicalsommer.de\/<\/a><\/p>\n","protected":false},"excerpt":{"rendered":"<p>Am Freitag, den 12.06.2020 um 20:30 Uhr folgt der zweite Teil des Schwetzinger Musical Sommers.<\/p>\n<p>Live aus der Wollfabrik in Schwetzingen werden Roberta Valentini und Joana Fee W\u00fcrz, bekannt aus Wicked \u2013 Die Hexen von Oz, Tarzan, Rebecca und Evita bekannt Hits aus den beliebstesten Musicals und einige eigene Interpretationen von bekannten Popsongs zum Besten geben.<\/p>\n","protected":false},"author":1,"featured_media":10101,"comment_status":"open","ping_status":"open","sticky":false,"template":"","format":"standard","meta":{"jetpack_post_was_ever_published":false,"_jetpack_newsletter_access":"","_jetpack_dont_email_post_to_subs":false,"_jetpack_newsletter_tier_id":0,"_jetpack_memberships_contains_paywalled_content":false,"_jetpack_memberships_contains_paid_content":false,"footnotes":"","jetpack_publicize_message":"","jetpack_publicize_feature_enabled":true,"jetpack_social_post_already_shared":false,"jetpack_social_options":{"image_generator_settings":{"template":"highway","default_image_id":0,"font":"","enabled":false},"version":2},"_wpas_customize_per_network":false},"categories":[3240,930,176],"tags":[3453,3437,3441,3455],"class_list":["post-10229","post","type-post","status-publish","format-standard","has-post-thumbnail","hentry","category-3240","category-empfehlungen","category-kultur","tag-musican","tag-musicislove","tag-song","tag-wohnzimmer"],"yoast_head":"<!-- This site is optimized with the Yoast SEO Premium plugin v27.3 (Yoast SEO v27.3) - https:\/\/yoast.com\/product\/yoast-seo-premium-wordpress\/ -->\n<title>Vorschau auf den zweiten Abend des Schwetzinger Musical Sommers - Timos Paper<\/title>\n<meta name=\"description\" content=\"Am Freitag, den 12.06.2020 um 20:30 Uhr folgt der zweite Teil des Schwetzinger Musical Sommers.\" \/>\n<meta name=\"robots\" content=\"index, follow, max-snippet:-1, max-image-preview:large, max-video-preview:-1\" \/>\n<link rel=\"canonical\" href=\"https:\/\/hoerske.de\/blog\/2020\/06\/vorschau-auf-den-zweiten-abend-des-schwetzinger-musical-sommers\/\" \/>\n<meta property=\"og:locale\" content=\"de_DE\" \/>\n<meta property=\"og:type\" content=\"article\" \/>\n<meta property=\"og:title\" content=\"Vorschau auf den zweiten Abend des Schwetzinger Musical Sommers\" \/>\n<meta property=\"og:description\" content=\"Am Freitag, den 12.06.2020 um 20:30 Uhr folgt der zweite Teil des Schwetzinger Musical Sommers.\" \/>\n<meta property=\"og:url\" content=\"https:\/\/hoerske.de\/blog\/2020\/06\/vorschau-auf-den-zweiten-abend-des-schwetzinger-musical-sommers\/\" \/>\n<meta property=\"og:site_name\" content=\"Timos Paper\" \/>\n<meta property=\"article:publisher\" content=\"https:\/\/www.facebook.com\/timo.hoerske\" \/>\n<meta property=\"article:author\" content=\"https:\/\/www.facebook.com\/timo.hoerske\" \/>\n<meta property=\"article:published_time\" content=\"2020-06-08T18:06:24+00:00\" \/>\n<meta property=\"article:modified_time\" content=\"2020-06-08T18:07:42+00:00\" \/>\n<meta property=\"og:image\" content=\"https:\/\/hoerske.de\/blog\/wp-content\/uploads\/2020\/05\/Pressebild-Schwetzinger-Musicalsommer-e1590425540238.jpeg\" \/>\n\t<meta property=\"og:image:width\" content=\"1080\" \/>\n\t<meta property=\"og:image:height\" content=\"569\" \/>\n\t<meta property=\"og:image:type\" content=\"image\/jpeg\" \/>\n<meta name=\"author\" content=\"Timo H\u00f6rske\" \/>\n<meta name=\"twitter:card\" content=\"summary_large_image\" \/>\n<meta name=\"twitter:creator\" content=\"@timo_hoerske\" \/>\n<meta name=\"twitter:site\" content=\"@timo_hoerske\" \/>\n<meta name=\"twitter:label1\" content=\"Verfasst von\" \/>\n\t<meta name=\"twitter:data1\" content=\"Timo H\u00f6rske\" \/>\n\t<meta name=\"twitter:label2\" content=\"Gesch\u00e4tzte Lesezeit\" \/>\n\t<meta name=\"twitter:data2\" content=\"3\u00a0Minuten\" \/>\n<script type=\"application\/ld+json\" class=\"yoast-schema-graph\">{\"@context\":\"https:\\\/\\\/schema.org\",\"@graph\":[{\"@type\":\"Article\",\"@id\":\"https:\\\/\\\/hoerske.de\\\/blog\\\/2020\\\/06\\\/vorschau-auf-den-zweiten-abend-des-schwetzinger-musical-sommers\\\/#article\",\"isPartOf\":{\"@id\":\"https:\\\/\\\/hoerske.de\\\/blog\\\/2020\\\/06\\\/vorschau-auf-den-zweiten-abend-des-schwetzinger-musical-sommers\\\/\"},\"author\":{\"name\":\"Timo H\u00f6rske\",\"@id\":\"https:\\\/\\\/hoerske.de\\\/blog\\\/#\\\/schema\\\/person\\\/20677cf2167fc7027b752c3bba78d5fc\"},\"headline\":\"Vorschau auf den zweiten Abend des Schwetzinger Musical Sommers\",\"datePublished\":\"2020-06-08T18:06:24+00:00\",\"dateModified\":\"2020-06-08T18:07:42+00:00\",\"mainEntityOfPage\":{\"@id\":\"https:\\\/\\\/hoerske.de\\\/blog\\\/2020\\\/06\\\/vorschau-auf-den-zweiten-abend-des-schwetzinger-musical-sommers\\\/\"},\"wordCount\":559,\"commentCount\":0,\"publisher\":{\"@id\":\"https:\\\/\\\/hoerske.de\\\/blog\\\/#\\\/schema\\\/person\\\/20677cf2167fc7027b752c3bba78d5fc\"},\"image\":{\"@id\":\"https:\\\/\\\/hoerske.de\\\/blog\\\/2020\\\/06\\\/vorschau-auf-den-zweiten-abend-des-schwetzinger-musical-sommers\\\/#primaryimage\"},\"thumbnailUrl\":\"https:\\\/\\\/i0.wp.com\\\/hoerske.de\\\/blog\\\/wp-content\\\/uploads\\\/2020\\\/05\\\/Pressebild-Schwetzinger-Musicalsommer-e1590425540238.jpeg?fit=1080%2C569&ssl=1\",\"keywords\":[\"musican\",\"musicislove\",\"song\",\"wohnzimmer\"],\"articleSection\":[\"2020\",\"Empfehlungen\",\"Kultur\"],\"inLanguage\":\"de\",\"potentialAction\":[{\"@type\":\"CommentAction\",\"name\":\"Comment\",\"target\":[\"https:\\\/\\\/hoerske.de\\\/blog\\\/2020\\\/06\\\/vorschau-auf-den-zweiten-abend-des-schwetzinger-musical-sommers\\\/#respond\"]}]},{\"@type\":\"WebPage\",\"@id\":\"https:\\\/\\\/hoerske.de\\\/blog\\\/2020\\\/06\\\/vorschau-auf-den-zweiten-abend-des-schwetzinger-musical-sommers\\\/\",\"url\":\"https:\\\/\\\/hoerske.de\\\/blog\\\/2020\\\/06\\\/vorschau-auf-den-zweiten-abend-des-schwetzinger-musical-sommers\\\/\",\"name\":\"Vorschau auf den zweiten Abend des Schwetzinger Musical Sommers - Timos Paper\",\"isPartOf\":{\"@id\":\"https:\\\/\\\/hoerske.de\\\/blog\\\/#website\"},\"primaryImageOfPage\":{\"@id\":\"https:\\\/\\\/hoerske.de\\\/blog\\\/2020\\\/06\\\/vorschau-auf-den-zweiten-abend-des-schwetzinger-musical-sommers\\\/#primaryimage\"},\"image\":{\"@id\":\"https:\\\/\\\/hoerske.de\\\/blog\\\/2020\\\/06\\\/vorschau-auf-den-zweiten-abend-des-schwetzinger-musical-sommers\\\/#primaryimage\"},\"thumbnailUrl\":\"https:\\\/\\\/i0.wp.com\\\/hoerske.de\\\/blog\\\/wp-content\\\/uploads\\\/2020\\\/05\\\/Pressebild-Schwetzinger-Musicalsommer-e1590425540238.jpeg?fit=1080%2C569&ssl=1\",\"datePublished\":\"2020-06-08T18:06:24+00:00\",\"dateModified\":\"2020-06-08T18:07:42+00:00\",\"description\":\"Am Freitag, den 12.06.2020 um 20:30 Uhr folgt der zweite Teil des Schwetzinger Musical Sommers.\",\"breadcrumb\":{\"@id\":\"https:\\\/\\\/hoerske.de\\\/blog\\\/2020\\\/06\\\/vorschau-auf-den-zweiten-abend-des-schwetzinger-musical-sommers\\\/#breadcrumb\"},\"inLanguage\":\"de\",\"potentialAction\":[{\"@type\":\"ReadAction\",\"target\":[\"https:\\\/\\\/hoerske.de\\\/blog\\\/2020\\\/06\\\/vorschau-auf-den-zweiten-abend-des-schwetzinger-musical-sommers\\\/\"]}]},{\"@type\":\"ImageObject\",\"inLanguage\":\"de\",\"@id\":\"https:\\\/\\\/hoerske.de\\\/blog\\\/2020\\\/06\\\/vorschau-auf-den-zweiten-abend-des-schwetzinger-musical-sommers\\\/#primaryimage\",\"url\":\"https:\\\/\\\/i0.wp.com\\\/hoerske.de\\\/blog\\\/wp-content\\\/uploads\\\/2020\\\/05\\\/Pressebild-Schwetzinger-Musicalsommer-e1590425540238.jpeg?fit=1080%2C569&ssl=1\",\"contentUrl\":\"https:\\\/\\\/i0.wp.com\\\/hoerske.de\\\/blog\\\/wp-content\\\/uploads\\\/2020\\\/05\\\/Pressebild-Schwetzinger-Musicalsommer-e1590425540238.jpeg?fit=1080%2C569&ssl=1\",\"width\":1080,\"height\":569,\"caption\":\"Pressebild, Schwetzinger Musicalsommer, Musical\"},{\"@type\":\"BreadcrumbList\",\"@id\":\"https:\\\/\\\/hoerske.de\\\/blog\\\/2020\\\/06\\\/vorschau-auf-den-zweiten-abend-des-schwetzinger-musical-sommers\\\/#breadcrumb\",\"itemListElement\":[{\"@type\":\"ListItem\",\"position\":1,\"name\":\"Startseite\",\"item\":\"https:\\\/\\\/hoerske.de\\\/blog\\\/\"},{\"@type\":\"ListItem\",\"position\":2,\"name\":\"Vorschau auf den zweiten Abend des Schwetzinger Musical Sommers\"}]},{\"@type\":\"WebSite\",\"@id\":\"https:\\\/\\\/hoerske.de\\\/blog\\\/#website\",\"url\":\"https:\\\/\\\/hoerske.de\\\/blog\\\/\",\"name\":\"Timos Blog\",\"description\":\"ego cogito, ergo sum\",\"publisher\":{\"@id\":\"https:\\\/\\\/hoerske.de\\\/blog\\\/#\\\/schema\\\/person\\\/20677cf2167fc7027b752c3bba78d5fc\"},\"potentialAction\":[{\"@type\":\"SearchAction\",\"target\":{\"@type\":\"EntryPoint\",\"urlTemplate\":\"https:\\\/\\\/hoerske.de\\\/blog\\\/?s={search_term_string}\"},\"query-input\":{\"@type\":\"PropertyValueSpecification\",\"valueRequired\":true,\"valueName\":\"search_term_string\"}}],\"inLanguage\":\"de\"},{\"@type\":[\"Person\",\"Organization\"],\"@id\":\"https:\\\/\\\/hoerske.de\\\/blog\\\/#\\\/schema\\\/person\\\/20677cf2167fc7027b752c3bba78d5fc\",\"name\":\"Timo H\u00f6rske\",\"image\":{\"@type\":\"ImageObject\",\"inLanguage\":\"de\",\"@id\":\"https:\\\/\\\/i0.wp.com\\\/hoerske.de\\\/blog\\\/wp-content\\\/uploads\\\/2023\\\/01\\\/16711213967602.jpg?fit=1024%2C954&ssl=1\",\"url\":\"https:\\\/\\\/i0.wp.com\\\/hoerske.de\\\/blog\\\/wp-content\\\/uploads\\\/2023\\\/01\\\/16711213967602.jpg?fit=1024%2C954&ssl=1\",\"contentUrl\":\"https:\\\/\\\/i0.wp.com\\\/hoerske.de\\\/blog\\\/wp-content\\\/uploads\\\/2023\\\/01\\\/16711213967602.jpg?fit=1024%2C954&ssl=1\",\"width\":1024,\"height\":954,\"caption\":\"Timo H\u00f6rske\"},\"logo\":{\"@id\":\"https:\\\/\\\/i0.wp.com\\\/hoerske.de\\\/blog\\\/wp-content\\\/uploads\\\/2023\\\/01\\\/16711213967602.jpg?fit=1024%2C954&ssl=1\"},\"description\":\"Jahrgang 1985, als \\\"Ossi\\\" geboren, im beschaulichen Premnitz an der Havel aufgewachsen. Natur- und Kunstliebhaber. Seit \u00fcber 10 Jahren Wahlbremerhavener, K\u00fcsten- und Windfan. So ziemlich an Allem interessiert. Schwerpunkte sind aber eindeutig Politik, Gesellschaft, Rechtswesen, Natur, Imkerei und Technik. Rotes Parteibuch, Mitglied des Jugendhilfeausschusses der Stadt Bremerhaven, Vorsitzender eines Kleing\u00e4rtnervereins, Fachberater f\u00fcr das Kleingartenwesen, Verbandschef der Bremerhavener Kleing\u00e4rtner*innen. Hobbyimker, Freizeitblogger, Techniknerd.\",\"sameAs\":[\"https:\\\/\\\/www.hoerske.de\\\/\",\"https:\\\/\\\/www.facebook.com\\\/timo.hoerske\",\"https:\\\/\\\/www.instagram.com\\\/thoerske\\\/\",\"https:\\\/\\\/x.com\\\/timo_hoerske\"],\"url\":\"https:\\\/\\\/hoerske.de\\\/blog\\\/author\\\/roter_admin\\\/\"}]}<\/script>\n<!-- \/ Yoast SEO Premium plugin. -->","yoast_head_json":{"title":"Vorschau auf den zweiten Abend des Schwetzinger Musical Sommers - Timos Paper","description":"Am Freitag, den 12.06.2020 um 20:30 Uhr folgt der zweite Teil des Schwetzinger Musical Sommers.","robots":{"index":"index","follow":"follow","max-snippet":"max-snippet:-1","max-image-preview":"max-image-preview:large","max-video-preview":"max-video-preview:-1"},"canonical":"https:\/\/hoerske.de\/blog\/2020\/06\/vorschau-auf-den-zweiten-abend-des-schwetzinger-musical-sommers\/","og_locale":"de_DE","og_type":"article","og_title":"Vorschau auf den zweiten Abend des Schwetzinger Musical Sommers","og_description":"Am Freitag, den 12.06.2020 um 20:30 Uhr folgt der zweite Teil des Schwetzinger Musical Sommers.","og_url":"https:\/\/hoerske.de\/blog\/2020\/06\/vorschau-auf-den-zweiten-abend-des-schwetzinger-musical-sommers\/","og_site_name":"Timos Paper","article_publisher":"https:\/\/www.facebook.com\/timo.hoerske","article_author":"https:\/\/www.facebook.com\/timo.hoerske","article_published_time":"2020-06-08T18:06:24+00:00","article_modified_time":"2020-06-08T18:07:42+00:00","og_image":[{"width":1080,"height":569,"url":"https:\/\/hoerske.de\/blog\/wp-content\/uploads\/2020\/05\/Pressebild-Schwetzinger-Musicalsommer-e1590425540238.jpeg","type":"image\/jpeg"}],"author":"Timo H\u00f6rske","twitter_card":"summary_large_image","twitter_creator":"@timo_hoerske","twitter_site":"@timo_hoerske","twitter_misc":{"Verfasst von":"Timo H\u00f6rske","Gesch\u00e4tzte Lesezeit":"3\u00a0Minuten"},"schema":{"@context":"https:\/\/schema.org","@graph":[{"@type":"Article","@id":"https:\/\/hoerske.de\/blog\/2020\/06\/vorschau-auf-den-zweiten-abend-des-schwetzinger-musical-sommers\/#article","isPartOf":{"@id":"https:\/\/hoerske.de\/blog\/2020\/06\/vorschau-auf-den-zweiten-abend-des-schwetzinger-musical-sommers\/"},"author":{"name":"Timo H\u00f6rske","@id":"https:\/\/hoerske.de\/blog\/#\/schema\/person\/20677cf2167fc7027b752c3bba78d5fc"},"headline":"Vorschau auf den zweiten Abend des Schwetzinger Musical Sommers","datePublished":"2020-06-08T18:06:24+00:00","dateModified":"2020-06-08T18:07:42+00:00","mainEntityOfPage":{"@id":"https:\/\/hoerske.de\/blog\/2020\/06\/vorschau-auf-den-zweiten-abend-des-schwetzinger-musical-sommers\/"},"wordCount":559,"commentCount":0,"publisher":{"@id":"https:\/\/hoerske.de\/blog\/#\/schema\/person\/20677cf2167fc7027b752c3bba78d5fc"},"image":{"@id":"https:\/\/hoerske.de\/blog\/2020\/06\/vorschau-auf-den-zweiten-abend-des-schwetzinger-musical-sommers\/#primaryimage"},"thumbnailUrl":"https:\/\/i0.wp.com\/hoerske.de\/blog\/wp-content\/uploads\/2020\/05\/Pressebild-Schwetzinger-Musicalsommer-e1590425540238.jpeg?fit=1080%2C569&ssl=1","keywords":["musican","musicislove","song","wohnzimmer"],"articleSection":["2020","Empfehlungen","Kultur"],"inLanguage":"de","potentialAction":[{"@type":"CommentAction","name":"Comment","target":["https:\/\/hoerske.de\/blog\/2020\/06\/vorschau-auf-den-zweiten-abend-des-schwetzinger-musical-sommers\/#respond"]}]},{"@type":"WebPage","@id":"https:\/\/hoerske.de\/blog\/2020\/06\/vorschau-auf-den-zweiten-abend-des-schwetzinger-musical-sommers\/","url":"https:\/\/hoerske.de\/blog\/2020\/06\/vorschau-auf-den-zweiten-abend-des-schwetzinger-musical-sommers\/","name":"Vorschau auf den zweiten Abend des Schwetzinger Musical Sommers - Timos Paper","isPartOf":{"@id":"https:\/\/hoerske.de\/blog\/#website"},"primaryImageOfPage":{"@id":"https:\/\/hoerske.de\/blog\/2020\/06\/vorschau-auf-den-zweiten-abend-des-schwetzinger-musical-sommers\/#primaryimage"},"image":{"@id":"https:\/\/hoerske.de\/blog\/2020\/06\/vorschau-auf-den-zweiten-abend-des-schwetzinger-musical-sommers\/#primaryimage"},"thumbnailUrl":"https:\/\/i0.wp.com\/hoerske.de\/blog\/wp-content\/uploads\/2020\/05\/Pressebild-Schwetzinger-Musicalsommer-e1590425540238.jpeg?fit=1080%2C569&ssl=1","datePublished":"2020-06-08T18:06:24+00:00","dateModified":"2020-06-08T18:07:42+00:00","description":"Am Freitag, den 12.06.2020 um 20:30 Uhr folgt der zweite Teil des Schwetzinger Musical Sommers.","breadcrumb":{"@id":"https:\/\/hoerske.de\/blog\/2020\/06\/vorschau-auf-den-zweiten-abend-des-schwetzinger-musical-sommers\/#breadcrumb"},"inLanguage":"de","potentialAction":[{"@type":"ReadAction","target":["https:\/\/hoerske.de\/blog\/2020\/06\/vorschau-auf-den-zweiten-abend-des-schwetzinger-musical-sommers\/"]}]},{"@type":"ImageObject","inLanguage":"de","@id":"https:\/\/hoerske.de\/blog\/2020\/06\/vorschau-auf-den-zweiten-abend-des-schwetzinger-musical-sommers\/#primaryimage","url":"https:\/\/i0.wp.com\/hoerske.de\/blog\/wp-content\/uploads\/2020\/05\/Pressebild-Schwetzinger-Musicalsommer-e1590425540238.jpeg?fit=1080%2C569&ssl=1","contentUrl":"https:\/\/i0.wp.com\/hoerske.de\/blog\/wp-content\/uploads\/2020\/05\/Pressebild-Schwetzinger-Musicalsommer-e1590425540238.jpeg?fit=1080%2C569&ssl=1","width":1080,"height":569,"caption":"Pressebild, Schwetzinger Musicalsommer, Musical"},{"@type":"BreadcrumbList","@id":"https:\/\/hoerske.de\/blog\/2020\/06\/vorschau-auf-den-zweiten-abend-des-schwetzinger-musical-sommers\/#breadcrumb","itemListElement":[{"@type":"ListItem","position":1,"name":"Startseite","item":"https:\/\/hoerske.de\/blog\/"},{"@type":"ListItem","position":2,"name":"Vorschau auf den zweiten Abend des Schwetzinger Musical Sommers"}]},{"@type":"WebSite","@id":"https:\/\/hoerske.de\/blog\/#website","url":"https:\/\/hoerske.de\/blog\/","name":"Timos Blog","description":"ego cogito, ergo sum","publisher":{"@id":"https:\/\/hoerske.de\/blog\/#\/schema\/person\/20677cf2167fc7027b752c3bba78d5fc"},"potentialAction":[{"@type":"SearchAction","target":{"@type":"EntryPoint","urlTemplate":"https:\/\/hoerske.de\/blog\/?s={search_term_string}"},"query-input":{"@type":"PropertyValueSpecification","valueRequired":true,"valueName":"search_term_string"}}],"inLanguage":"de"},{"@type":["Person","Organization"],"@id":"https:\/\/hoerske.de\/blog\/#\/schema\/person\/20677cf2167fc7027b752c3bba78d5fc","name":"Timo H\u00f6rske","image":{"@type":"ImageObject","inLanguage":"de","@id":"https:\/\/i0.wp.com\/hoerske.de\/blog\/wp-content\/uploads\/2023\/01\/16711213967602.jpg?fit=1024%2C954&ssl=1","url":"https:\/\/i0.wp.com\/hoerske.de\/blog\/wp-content\/uploads\/2023\/01\/16711213967602.jpg?fit=1024%2C954&ssl=1","contentUrl":"https:\/\/i0.wp.com\/hoerske.de\/blog\/wp-content\/uploads\/2023\/01\/16711213967602.jpg?fit=1024%2C954&ssl=1","width":1024,"height":954,"caption":"Timo H\u00f6rske"},"logo":{"@id":"https:\/\/i0.wp.com\/hoerske.de\/blog\/wp-content\/uploads\/2023\/01\/16711213967602.jpg?fit=1024%2C954&ssl=1"},"description":"Jahrgang 1985, als \"Ossi\" geboren, im beschaulichen Premnitz an der Havel aufgewachsen. Natur- und Kunstliebhaber. Seit \u00fcber 10 Jahren Wahlbremerhavener, K\u00fcsten- und Windfan. So ziemlich an Allem interessiert. Schwerpunkte sind aber eindeutig Politik, Gesellschaft, Rechtswesen, Natur, Imkerei und Technik. Rotes Parteibuch, Mitglied des Jugendhilfeausschusses der Stadt Bremerhaven, Vorsitzender eines Kleing\u00e4rtnervereins, Fachberater f\u00fcr das Kleingartenwesen, Verbandschef der Bremerhavener Kleing\u00e4rtner*innen. Hobbyimker, Freizeitblogger, Techniknerd.","sameAs":["https:\/\/www.hoerske.de\/","https:\/\/www.facebook.com\/timo.hoerske","https:\/\/www.instagram.com\/thoerske\/","https:\/\/x.com\/timo_hoerske"],"url":"https:\/\/hoerske.de\/blog\/author\/roter_admin\/"}]}},"jetpack_publicize_connections":[],"jetpack_featured_media_url":"https:\/\/i0.wp.com\/hoerske.de\/blog\/wp-content\/uploads\/2020\/05\/Pressebild-Schwetzinger-Musicalsommer-e1590425540238.jpeg?fit=1080%2C569&ssl=1","jetpack_shortlink":"https:\/\/wp.me\/p4W3ht-2EZ","jetpack_sharing_enabled":true,"_links":{"self":[{"href":"https:\/\/hoerske.de\/blog\/wp-json\/wp\/v2\/posts\/10229","targetHints":{"allow":["GET"]}}],"collection":[{"href":"https:\/\/hoerske.de\/blog\/wp-json\/wp\/v2\/posts"}],"about":[{"href":"https:\/\/hoerske.de\/blog\/wp-json\/wp\/v2\/types\/post"}],"author":[{"embeddable":true,"href":"https:\/\/hoerske.de\/blog\/wp-json\/wp\/v2\/users\/1"}],"replies":[{"embeddable":true,"href":"https:\/\/hoerske.de\/blog\/wp-json\/wp\/v2\/comments?post=10229"}],"version-history":[{"count":0,"href":"https:\/\/hoerske.de\/blog\/wp-json\/wp\/v2\/posts\/10229\/revisions"}],"wp:featuredmedia":[{"embeddable":true,"href":"https:\/\/hoerske.de\/blog\/wp-json\/wp\/v2\/media\/10101"}],"wp:attachment":[{"href":"https:\/\/hoerske.de\/blog\/wp-json\/wp\/v2\/media?parent=10229"}],"wp:term":[{"taxonomy":"category","embeddable":true,"href":"https:\/\/hoerske.de\/blog\/wp-json\/wp\/v2\/categories?post=10229"},{"taxonomy":"post_tag","embeddable":true,"href":"https:\/\/hoerske.de\/blog\/wp-json\/wp\/v2\/tags?post=10229"}],"curies":[{"name":"wp","href":"https:\/\/api.w.org\/{rel}","templated":true}]}}