{"id":10211,"date":"2020-06-07T18:13:58","date_gmt":"2020-06-07T16:13:58","guid":{"rendered":"https:\/\/www.hoerske.de\/?p=10211"},"modified":"2020-06-08T18:59:29","modified_gmt":"2020-06-08T16:59:29","slug":"klein-aber-fein-eroeffnungsabend-des-schwetzinger-musical-sommers","status":"publish","type":"post","link":"https:\/\/hoerske.de\/blog\/2020\/06\/klein-aber-fein-eroeffnungsabend-des-schwetzinger-musical-sommers\/","title":{"rendered":"Klein aber fein \u2013 Er\u00f6ffnungsabend des Schwetzinger Musical Sommers"},"content":{"rendered":"<p>Am Freitagabend war es soweit, Myrthes Monteiro und Philipp B\u00fcttner haben den <a href=\"https:\/\/www.hoerske.de\/blog\/schwetzinger-musical-sommer-livestream-statt-premierenfieber\/\">Schwetzinger Musical Sommer 2020<\/a> er\u00f6ffnet und ich war vom heimischen Sofa aus live dabei.<\/p>\n<h3>Das Format<\/h3>\n<p>Marcos Padotzke begleitete die bekannten Musicaldarsteller am Klavier &amp; als Initiator der Konzertreihe und wurde von Tobias Nessel an den Drums unterst\u00fctzt. Mit dieser Kleinen, aber feinen Combo wurde es ein gem\u00fctlicher Abend mit Songs aus Tarzan, Tanz der Vampire und vielen anderen mehr. F\u00fcr Abwechselung sorgten Hits aus bekannten Filmen und verschiedene Popsongs.<\/p>\n<p>Im Stream waren die Zuschauen live dabei, w\u00e4hrend Myrthes Monteiro und Philipp B\u00fcttner durch das knapp 1,5-st\u00fcndige Programm aus der Wollfabrik Schwetzingen gef\u00fchrt haben.<\/p>\n<h3>Myrthes Monteiro und Philipp B\u00fcttner<\/h3>\n<p>Myrthes Monteiro spielte u.a in Disney\u2018s K\u00f6nig der L\u00f6wen, Cats, Flashdance und vielen anderen Shows die Hauptrollen.<\/p>\n<p>Philipp B\u00fcttner stand bereits f\u00fcr Produktionen, wie Evita, als Bruno Lubanski in der Weltpremiere von Das Wunder von Bern und Tony in West Side Story auf der B\u00fchne und z\u00e4hlt zur ersten Garde der deutschsprachigen Musicalstars. Von Herbst 2016 bis April 2020 verk\u00f6rperte er die Titelrolle in Disney\u2019s Aladdin in Stuttgart.<\/p>\n<p>Nach der Besetzung versprach es ein spannender und abwechslungsreicher Abend zu werden. Ich war am Anfang skeptisch, ob eine reine Begleitung mit Klavier und Drums ausreichend sein k\u00f6nnte und wurde trotzdem nicht entt\u00e4uscht.<\/p>\n<p><img data-recalc-dims=\"1\" loading=\"lazy\" decoding=\"async\" src=\"https:\/\/i0.wp.com\/www.hoerske.de\/blog\/wp-content\/uploads\/2020\/06\/Pressebild-Stars-e1591545467994-1.jpeg?resize=536%2C503&#038;ssl=1\" alt=\"https:\/\/www.schwetzingermusicalsommer.de\/\" srcset=\"https:\/\/i0.wp.com\/www.hoerske.de\/blog\/wp-content\/uploads\/2020\/06\/Pressebild-Stars-e1591545467994-1.jpeg?w=536&amp;ssl=1 536w, https:\/\/i0.wp.com\/www.hoerske.de\/blog\/wp-content\/uploads\/2020\/06\/Pressebild-Stars-e1591545467994-1.jpeg?resize=300%2C282&amp;ssl=1 300w\" sizes=\"auto, (max-width: 536px) 100vw, 536px\" width=\"536\" height=\"503\"><\/p>\n<h3>Klein aber fein<\/h3>\n<p>Die minimalistische Besetzung war eine Herausforderung f\u00fcr beide Darsteller, da das gewohnte Umfeld mit gro\u00dfer Band oder Orchester fehlte. Dennoch haben Beide einen gelungenen Abend auf die Beine gestellt. Er\u00f6ffnet wurde das Konzert mit der deutschen Version von \u201eA Whole New World\u201c aus Aladdin als Duett von Myrthes Monteiro und Philipp B\u00fcttner.<\/p>\n<p>Es folgten Hits aus verschiedenen Disney Filmen und deren Musicaladaptionen, wie Tarzan, die Sch\u00f6ne und das Biest, Rapunzel und viele weitere mehr. Dabei wechselten sich Myrthes und Phillipp gekonnt ab und f\u00fchrten mit ein paar pers\u00f6nlichen Anmerkungen am\u00fcsant durch den Konzertabend. Daneben gab es einige bekannte und weniger bekannte Duette aus Film und Musical. Die dargebotene Mischung war kurzweilig und stimmig zusammengestellt.<\/p>\n<h3>Stimmig und gelungen<\/h3>\n<p>Ich f\u00fchlte mich gut unterhalten. Philipp B\u00fcttner hat gesanglich und mit seinem abwechslungsreichen Talent in unterschiedliche Rollen zu schl\u00fcpfen, begeistert.<\/p>\n<p>Myrthes Monteiro konnte mich besonders in einem St\u00fcck von sich \u00fcberzeugen. Mit \u201eOye mi canto\u201c durfte Myrthes brillieren. Der Song spiegelt ihr Temperament perfekt wieder und gab ihr die M\u00f6glichkeit dieses perfekt in Szene zu setzen.<\/p>\n<p>Das Philipp B\u00fcttner seine Begeisterung f\u00fcr das Musical bei Tanz der Vampire entdeckt hat, wurde sp\u00e4testens mit \u201eF\u00fcr Sarah\u201c klar. Ich habe selten eine so gute Interpretation des St\u00fcckes erlebt. Daher war es eindeutig mein Highlight des Abends.<\/p>\n<p>Perfekt waren Marcos Padotzke am Klavier und Tobias Nessel an den Drums. Es war eine Freude f\u00fcr die Ohren, selbst komplexe Partituren in solch minimalistischer und dennoch sehr harmonischen Interpretation zu genie\u00dfen.<\/p>\n<h3>Technik<\/h3>\n<p>Die Anmeldung zum Livestream war einfach und hat den ganzen Abend \u00fcber perfekt funktioniert. Ton und Bildschnitt waren stimmig und auf das Wesentliche reduziert. Nur bei den sprachlichen Anteilen waren die Darsteller teilweise zu weit heruntergedreht und schwer zu verstehen, was dem Genuss des Abends aber keinen Abbruch tat.<\/p>\n<h3>Meine Meinung<\/h3>\n<p>Alles in allem war es ein unterhaltsamer musikalischer Abend,. Als Alternative zum Musicalbesuch ist der Schwetzinger Musical Sommer sicherlich nicht gedacht, eine ausgezeichnete Abwechselung war es auf alle F\u00e4lle und ich freue mich bereits auf die n\u00e4chste Runde am 12.06.2020 um 20:30 Uhr mit Roberta Valentini und Joana Fee W\u00fcrz, bekannt aus Wicked \u2013 Die Hexen von Oz, Tarzan, Rebecca und Evita.<\/p>\n<p>In den n\u00e4chsten Tag bekommt ihr von mir noch einen Ausblick auf den n\u00e4chsten Musicalabend zusammen mit dem Interview mit Roberta Valentini und Joana Fee W\u00fcrz.<\/p>\n<p>Weitere Infos und Karten bekommt ihr hier: <a href=\"https:\/\/www.schwetzingermusicalsommer.de\/\">Schwetzinger Musical Sommer<\/a><\/p>\n","protected":false},"excerpt":{"rendered":"<p>Am Freitagabend war es soweit, Myrthes Monteiro und Philipp B\u00fcttner haben den Schwetzinger Musical Sommer 2020 er\u00f6ffnet und ich war vom heimischen Sofa aus live dabei.<\/p>\n","protected":false},"author":1,"featured_media":10213,"comment_status":"open","ping_status":"open","sticky":false,"template":"","format":"standard","meta":{"jetpack_post_was_ever_published":false,"_jetpack_newsletter_access":"","_jetpack_dont_email_post_to_subs":false,"_jetpack_newsletter_tier_id":0,"_jetpack_memberships_contains_paywalled_content":false,"_jetpack_memberships_contains_paid_content":false,"footnotes":"","jetpack_publicize_message":"","jetpack_publicize_feature_enabled":true,"jetpack_social_post_already_shared":false,"jetpack_social_options":{"image_generator_settings":{"template":"highway","default_image_id":0,"font":"","enabled":false},"version":2},"_wpas_customize_per_network":false},"categories":[3240,930,176],"tags":[3438,3439,168,3433,3432,3434,3437,3435,3431,3441,3436,3440],"class_list":["post-10211","post","type-post","status-publish","format-standard","has-post-thumbnail","hentry","category-3240","category-empfehlungen","category-kultur","tag-concert","tag-instamusic","tag-musical","tag-musicals","tag-musician","tag-musicians","tag-musicislove","tag-musicvideo","tag-schwetzingen","tag-song","tag-songs","tag-teatro"],"yoast_head":"<!-- This site is optimized with the Yoast SEO Premium plugin v27.3 (Yoast SEO v27.3) - https:\/\/yoast.com\/product\/yoast-seo-premium-wordpress\/ -->\n<title>Klein aber fein \u2013 Er\u00f6ffnungsabend des Schwetzinger Musical Sommers - Timos Paper<\/title>\n<meta name=\"description\" content=\"Am Freitagabend war es soweit, Myrthes Monteiro und Philipp B\u00fcttner haben den Schwetzinger Musical Sommer 2020 er\u00f6ffnet und ich war vom heimischen Sofa aus live dabei.\" \/>\n<meta name=\"robots\" content=\"index, follow, max-snippet:-1, max-image-preview:large, max-video-preview:-1\" \/>\n<link rel=\"canonical\" href=\"https:\/\/hoerske.de\/blog\/2020\/06\/klein-aber-fein-eroeffnungsabend-des-schwetzinger-musical-sommers\/\" \/>\n<meta property=\"og:locale\" content=\"de_DE\" \/>\n<meta property=\"og:type\" content=\"article\" \/>\n<meta property=\"og:title\" content=\"Klein aber fein \u2013 Er\u00f6ffnungsabend des Schwetzinger Musical Sommers\" \/>\n<meta property=\"og:description\" content=\"Am Freitagabend war es soweit, Myrthes Monteiro und Philipp B\u00fcttner haben den Schwetzinger Musical Sommer 2020 er\u00f6ffnet und ich war vom heimischen Sofa aus live dabei.\" \/>\n<meta property=\"og:url\" content=\"https:\/\/hoerske.de\/blog\/2020\/06\/klein-aber-fein-eroeffnungsabend-des-schwetzinger-musical-sommers\/\" \/>\n<meta property=\"og:site_name\" content=\"Timos Paper\" \/>\n<meta property=\"article:publisher\" content=\"https:\/\/www.facebook.com\/timo.hoerske\" \/>\n<meta property=\"article:author\" content=\"https:\/\/www.facebook.com\/timo.hoerske\" \/>\n<meta property=\"article:published_time\" content=\"2020-06-07T16:13:58+00:00\" \/>\n<meta property=\"article:modified_time\" content=\"2020-06-08T16:59:29+00:00\" \/>\n<meta property=\"og:image\" content=\"https:\/\/hoerske.de\/blog\/wp-content\/uploads\/2020\/06\/Bildschirmfoto-2020-06-05-um-22.03.51-e1591544647905.png\" \/>\n\t<meta property=\"og:image:width\" content=\"1439\" \/>\n\t<meta property=\"og:image:height\" content=\"788\" \/>\n\t<meta property=\"og:image:type\" content=\"image\/png\" \/>\n<meta name=\"author\" content=\"Timo H\u00f6rske\" \/>\n<meta name=\"twitter:card\" content=\"summary_large_image\" \/>\n<meta name=\"twitter:creator\" content=\"@timo_hoerske\" \/>\n<meta name=\"twitter:site\" content=\"@timo_hoerske\" \/>\n<meta name=\"twitter:label1\" content=\"Verfasst von\" \/>\n\t<meta name=\"twitter:data1\" content=\"Timo H\u00f6rske\" \/>\n\t<meta name=\"twitter:label2\" content=\"Gesch\u00e4tzte Lesezeit\" \/>\n\t<meta name=\"twitter:data2\" content=\"3\u00a0Minuten\" \/>\n<script type=\"application\/ld+json\" class=\"yoast-schema-graph\">{\"@context\":\"https:\\\/\\\/schema.org\",\"@graph\":[{\"@type\":\"Article\",\"@id\":\"https:\\\/\\\/hoerske.de\\\/blog\\\/2020\\\/06\\\/klein-aber-fein-eroeffnungsabend-des-schwetzinger-musical-sommers\\\/#article\",\"isPartOf\":{\"@id\":\"https:\\\/\\\/hoerske.de\\\/blog\\\/2020\\\/06\\\/klein-aber-fein-eroeffnungsabend-des-schwetzinger-musical-sommers\\\/\"},\"author\":{\"name\":\"Timo H\u00f6rske\",\"@id\":\"https:\\\/\\\/hoerske.de\\\/blog\\\/#\\\/schema\\\/person\\\/20677cf2167fc7027b752c3bba78d5fc\"},\"headline\":\"Klein aber fein \u2013 Er\u00f6ffnungsabend des Schwetzinger Musical Sommers\",\"datePublished\":\"2020-06-07T16:13:58+00:00\",\"dateModified\":\"2020-06-08T16:59:29+00:00\",\"mainEntityOfPage\":{\"@id\":\"https:\\\/\\\/hoerske.de\\\/blog\\\/2020\\\/06\\\/klein-aber-fein-eroeffnungsabend-des-schwetzinger-musical-sommers\\\/\"},\"wordCount\":659,\"commentCount\":0,\"publisher\":{\"@id\":\"https:\\\/\\\/hoerske.de\\\/blog\\\/#\\\/schema\\\/person\\\/20677cf2167fc7027b752c3bba78d5fc\"},\"image\":{\"@id\":\"https:\\\/\\\/hoerske.de\\\/blog\\\/2020\\\/06\\\/klein-aber-fein-eroeffnungsabend-des-schwetzinger-musical-sommers\\\/#primaryimage\"},\"thumbnailUrl\":\"https:\\\/\\\/i0.wp.com\\\/hoerske.de\\\/blog\\\/wp-content\\\/uploads\\\/2020\\\/06\\\/Bildschirmfoto-2020-06-05-um-22.03.51-e1591544647905.png?fit=1439%2C788&ssl=1\",\"keywords\":[\"concert\",\"instamusic\",\"Musical\",\"musicals\",\"musician\",\"musicians\",\"musicislove\",\"musicvideo\",\"schwetzingen\",\"song\",\"songs\",\"teatro\"],\"articleSection\":[\"2020\",\"Empfehlungen\",\"Kultur\"],\"inLanguage\":\"de\",\"potentialAction\":[{\"@type\":\"CommentAction\",\"name\":\"Comment\",\"target\":[\"https:\\\/\\\/hoerske.de\\\/blog\\\/2020\\\/06\\\/klein-aber-fein-eroeffnungsabend-des-schwetzinger-musical-sommers\\\/#respond\"]}]},{\"@type\":\"WebPage\",\"@id\":\"https:\\\/\\\/hoerske.de\\\/blog\\\/2020\\\/06\\\/klein-aber-fein-eroeffnungsabend-des-schwetzinger-musical-sommers\\\/\",\"url\":\"https:\\\/\\\/hoerske.de\\\/blog\\\/2020\\\/06\\\/klein-aber-fein-eroeffnungsabend-des-schwetzinger-musical-sommers\\\/\",\"name\":\"Klein aber fein \u2013 Er\u00f6ffnungsabend des Schwetzinger Musical Sommers - Timos Paper\",\"isPartOf\":{\"@id\":\"https:\\\/\\\/hoerske.de\\\/blog\\\/#website\"},\"primaryImageOfPage\":{\"@id\":\"https:\\\/\\\/hoerske.de\\\/blog\\\/2020\\\/06\\\/klein-aber-fein-eroeffnungsabend-des-schwetzinger-musical-sommers\\\/#primaryimage\"},\"image\":{\"@id\":\"https:\\\/\\\/hoerske.de\\\/blog\\\/2020\\\/06\\\/klein-aber-fein-eroeffnungsabend-des-schwetzinger-musical-sommers\\\/#primaryimage\"},\"thumbnailUrl\":\"https:\\\/\\\/i0.wp.com\\\/hoerske.de\\\/blog\\\/wp-content\\\/uploads\\\/2020\\\/06\\\/Bildschirmfoto-2020-06-05-um-22.03.51-e1591544647905.png?fit=1439%2C788&ssl=1\",\"datePublished\":\"2020-06-07T16:13:58+00:00\",\"dateModified\":\"2020-06-08T16:59:29+00:00\",\"description\":\"Am Freitagabend war es soweit, Myrthes Monteiro und Philipp B\u00fcttner haben den Schwetzinger Musical Sommer 2020 er\u00f6ffnet und ich war vom heimischen Sofa aus live dabei.\",\"breadcrumb\":{\"@id\":\"https:\\\/\\\/hoerske.de\\\/blog\\\/2020\\\/06\\\/klein-aber-fein-eroeffnungsabend-des-schwetzinger-musical-sommers\\\/#breadcrumb\"},\"inLanguage\":\"de\",\"potentialAction\":[{\"@type\":\"ReadAction\",\"target\":[\"https:\\\/\\\/hoerske.de\\\/blog\\\/2020\\\/06\\\/klein-aber-fein-eroeffnungsabend-des-schwetzinger-musical-sommers\\\/\"]}]},{\"@type\":\"ImageObject\",\"inLanguage\":\"de\",\"@id\":\"https:\\\/\\\/hoerske.de\\\/blog\\\/2020\\\/06\\\/klein-aber-fein-eroeffnungsabend-des-schwetzinger-musical-sommers\\\/#primaryimage\",\"url\":\"https:\\\/\\\/i0.wp.com\\\/hoerske.de\\\/blog\\\/wp-content\\\/uploads\\\/2020\\\/06\\\/Bildschirmfoto-2020-06-05-um-22.03.51-e1591544647905.png?fit=1439%2C788&ssl=1\",\"contentUrl\":\"https:\\\/\\\/i0.wp.com\\\/hoerske.de\\\/blog\\\/wp-content\\\/uploads\\\/2020\\\/06\\\/Bildschirmfoto-2020-06-05-um-22.03.51-e1591544647905.png?fit=1439%2C788&ssl=1\",\"width\":1439,\"height\":788,\"caption\":\"Livestream aus der Schwetzinger Wollfabrik\"},{\"@type\":\"BreadcrumbList\",\"@id\":\"https:\\\/\\\/hoerske.de\\\/blog\\\/2020\\\/06\\\/klein-aber-fein-eroeffnungsabend-des-schwetzinger-musical-sommers\\\/#breadcrumb\",\"itemListElement\":[{\"@type\":\"ListItem\",\"position\":1,\"name\":\"Startseite\",\"item\":\"https:\\\/\\\/hoerske.de\\\/blog\\\/\"},{\"@type\":\"ListItem\",\"position\":2,\"name\":\"Klein aber fein \u2013 Er\u00f6ffnungsabend des Schwetzinger Musical Sommers\"}]},{\"@type\":\"WebSite\",\"@id\":\"https:\\\/\\\/hoerske.de\\\/blog\\\/#website\",\"url\":\"https:\\\/\\\/hoerske.de\\\/blog\\\/\",\"name\":\"Timos Blog\",\"description\":\"ego cogito, ergo sum\",\"publisher\":{\"@id\":\"https:\\\/\\\/hoerske.de\\\/blog\\\/#\\\/schema\\\/person\\\/20677cf2167fc7027b752c3bba78d5fc\"},\"potentialAction\":[{\"@type\":\"SearchAction\",\"target\":{\"@type\":\"EntryPoint\",\"urlTemplate\":\"https:\\\/\\\/hoerske.de\\\/blog\\\/?s={search_term_string}\"},\"query-input\":{\"@type\":\"PropertyValueSpecification\",\"valueRequired\":true,\"valueName\":\"search_term_string\"}}],\"inLanguage\":\"de\"},{\"@type\":[\"Person\",\"Organization\"],\"@id\":\"https:\\\/\\\/hoerske.de\\\/blog\\\/#\\\/schema\\\/person\\\/20677cf2167fc7027b752c3bba78d5fc\",\"name\":\"Timo H\u00f6rske\",\"image\":{\"@type\":\"ImageObject\",\"inLanguage\":\"de\",\"@id\":\"https:\\\/\\\/i0.wp.com\\\/hoerske.de\\\/blog\\\/wp-content\\\/uploads\\\/2023\\\/01\\\/16711213967602.jpg?fit=1024%2C954&ssl=1\",\"url\":\"https:\\\/\\\/i0.wp.com\\\/hoerske.de\\\/blog\\\/wp-content\\\/uploads\\\/2023\\\/01\\\/16711213967602.jpg?fit=1024%2C954&ssl=1\",\"contentUrl\":\"https:\\\/\\\/i0.wp.com\\\/hoerske.de\\\/blog\\\/wp-content\\\/uploads\\\/2023\\\/01\\\/16711213967602.jpg?fit=1024%2C954&ssl=1\",\"width\":1024,\"height\":954,\"caption\":\"Timo H\u00f6rske\"},\"logo\":{\"@id\":\"https:\\\/\\\/i0.wp.com\\\/hoerske.de\\\/blog\\\/wp-content\\\/uploads\\\/2023\\\/01\\\/16711213967602.jpg?fit=1024%2C954&ssl=1\"},\"description\":\"Jahrgang 1985, als \\\"Ossi\\\" geboren, im beschaulichen Premnitz an der Havel aufgewachsen. Natur- und Kunstliebhaber. Seit \u00fcber 10 Jahren Wahlbremerhavener, K\u00fcsten- und Windfan. So ziemlich an Allem interessiert. Schwerpunkte sind aber eindeutig Politik, Gesellschaft, Rechtswesen, Natur, Imkerei und Technik. Rotes Parteibuch, Mitglied des Jugendhilfeausschusses der Stadt Bremerhaven, Vorsitzender eines Kleing\u00e4rtnervereins, Fachberater f\u00fcr das Kleingartenwesen, Verbandschef der Bremerhavener Kleing\u00e4rtner*innen. Hobbyimker, Freizeitblogger, Techniknerd.\",\"sameAs\":[\"https:\\\/\\\/www.hoerske.de\\\/\",\"https:\\\/\\\/www.facebook.com\\\/timo.hoerske\",\"https:\\\/\\\/www.instagram.com\\\/thoerske\\\/\",\"https:\\\/\\\/x.com\\\/timo_hoerske\"],\"url\":\"https:\\\/\\\/hoerske.de\\\/blog\\\/author\\\/roter_admin\\\/\"}]}<\/script>\n<!-- \/ Yoast SEO Premium plugin. -->","yoast_head_json":{"title":"Klein aber fein \u2013 Er\u00f6ffnungsabend des Schwetzinger Musical Sommers - Timos Paper","description":"Am Freitagabend war es soweit, Myrthes Monteiro und Philipp B\u00fcttner haben den Schwetzinger Musical Sommer 2020 er\u00f6ffnet und ich war vom heimischen Sofa aus live dabei.","robots":{"index":"index","follow":"follow","max-snippet":"max-snippet:-1","max-image-preview":"max-image-preview:large","max-video-preview":"max-video-preview:-1"},"canonical":"https:\/\/hoerske.de\/blog\/2020\/06\/klein-aber-fein-eroeffnungsabend-des-schwetzinger-musical-sommers\/","og_locale":"de_DE","og_type":"article","og_title":"Klein aber fein \u2013 Er\u00f6ffnungsabend des Schwetzinger Musical Sommers","og_description":"Am Freitagabend war es soweit, Myrthes Monteiro und Philipp B\u00fcttner haben den Schwetzinger Musical Sommer 2020 er\u00f6ffnet und ich war vom heimischen Sofa aus live dabei.","og_url":"https:\/\/hoerske.de\/blog\/2020\/06\/klein-aber-fein-eroeffnungsabend-des-schwetzinger-musical-sommers\/","og_site_name":"Timos Paper","article_publisher":"https:\/\/www.facebook.com\/timo.hoerske","article_author":"https:\/\/www.facebook.com\/timo.hoerske","article_published_time":"2020-06-07T16:13:58+00:00","article_modified_time":"2020-06-08T16:59:29+00:00","og_image":[{"width":1439,"height":788,"url":"https:\/\/hoerske.de\/blog\/wp-content\/uploads\/2020\/06\/Bildschirmfoto-2020-06-05-um-22.03.51-e1591544647905.png","type":"image\/png"}],"author":"Timo H\u00f6rske","twitter_card":"summary_large_image","twitter_creator":"@timo_hoerske","twitter_site":"@timo_hoerske","twitter_misc":{"Verfasst von":"Timo H\u00f6rske","Gesch\u00e4tzte Lesezeit":"3\u00a0Minuten"},"schema":{"@context":"https:\/\/schema.org","@graph":[{"@type":"Article","@id":"https:\/\/hoerske.de\/blog\/2020\/06\/klein-aber-fein-eroeffnungsabend-des-schwetzinger-musical-sommers\/#article","isPartOf":{"@id":"https:\/\/hoerske.de\/blog\/2020\/06\/klein-aber-fein-eroeffnungsabend-des-schwetzinger-musical-sommers\/"},"author":{"name":"Timo H\u00f6rske","@id":"https:\/\/hoerske.de\/blog\/#\/schema\/person\/20677cf2167fc7027b752c3bba78d5fc"},"headline":"Klein aber fein \u2013 Er\u00f6ffnungsabend des Schwetzinger Musical Sommers","datePublished":"2020-06-07T16:13:58+00:00","dateModified":"2020-06-08T16:59:29+00:00","mainEntityOfPage":{"@id":"https:\/\/hoerske.de\/blog\/2020\/06\/klein-aber-fein-eroeffnungsabend-des-schwetzinger-musical-sommers\/"},"wordCount":659,"commentCount":0,"publisher":{"@id":"https:\/\/hoerske.de\/blog\/#\/schema\/person\/20677cf2167fc7027b752c3bba78d5fc"},"image":{"@id":"https:\/\/hoerske.de\/blog\/2020\/06\/klein-aber-fein-eroeffnungsabend-des-schwetzinger-musical-sommers\/#primaryimage"},"thumbnailUrl":"https:\/\/i0.wp.com\/hoerske.de\/blog\/wp-content\/uploads\/2020\/06\/Bildschirmfoto-2020-06-05-um-22.03.51-e1591544647905.png?fit=1439%2C788&ssl=1","keywords":["concert","instamusic","Musical","musicals","musician","musicians","musicislove","musicvideo","schwetzingen","song","songs","teatro"],"articleSection":["2020","Empfehlungen","Kultur"],"inLanguage":"de","potentialAction":[{"@type":"CommentAction","name":"Comment","target":["https:\/\/hoerske.de\/blog\/2020\/06\/klein-aber-fein-eroeffnungsabend-des-schwetzinger-musical-sommers\/#respond"]}]},{"@type":"WebPage","@id":"https:\/\/hoerske.de\/blog\/2020\/06\/klein-aber-fein-eroeffnungsabend-des-schwetzinger-musical-sommers\/","url":"https:\/\/hoerske.de\/blog\/2020\/06\/klein-aber-fein-eroeffnungsabend-des-schwetzinger-musical-sommers\/","name":"Klein aber fein \u2013 Er\u00f6ffnungsabend des Schwetzinger Musical Sommers - Timos Paper","isPartOf":{"@id":"https:\/\/hoerske.de\/blog\/#website"},"primaryImageOfPage":{"@id":"https:\/\/hoerske.de\/blog\/2020\/06\/klein-aber-fein-eroeffnungsabend-des-schwetzinger-musical-sommers\/#primaryimage"},"image":{"@id":"https:\/\/hoerske.de\/blog\/2020\/06\/klein-aber-fein-eroeffnungsabend-des-schwetzinger-musical-sommers\/#primaryimage"},"thumbnailUrl":"https:\/\/i0.wp.com\/hoerske.de\/blog\/wp-content\/uploads\/2020\/06\/Bildschirmfoto-2020-06-05-um-22.03.51-e1591544647905.png?fit=1439%2C788&ssl=1","datePublished":"2020-06-07T16:13:58+00:00","dateModified":"2020-06-08T16:59:29+00:00","description":"Am Freitagabend war es soweit, Myrthes Monteiro und Philipp B\u00fcttner haben den Schwetzinger Musical Sommer 2020 er\u00f6ffnet und ich war vom heimischen Sofa aus live dabei.","breadcrumb":{"@id":"https:\/\/hoerske.de\/blog\/2020\/06\/klein-aber-fein-eroeffnungsabend-des-schwetzinger-musical-sommers\/#breadcrumb"},"inLanguage":"de","potentialAction":[{"@type":"ReadAction","target":["https:\/\/hoerske.de\/blog\/2020\/06\/klein-aber-fein-eroeffnungsabend-des-schwetzinger-musical-sommers\/"]}]},{"@type":"ImageObject","inLanguage":"de","@id":"https:\/\/hoerske.de\/blog\/2020\/06\/klein-aber-fein-eroeffnungsabend-des-schwetzinger-musical-sommers\/#primaryimage","url":"https:\/\/i0.wp.com\/hoerske.de\/blog\/wp-content\/uploads\/2020\/06\/Bildschirmfoto-2020-06-05-um-22.03.51-e1591544647905.png?fit=1439%2C788&ssl=1","contentUrl":"https:\/\/i0.wp.com\/hoerske.de\/blog\/wp-content\/uploads\/2020\/06\/Bildschirmfoto-2020-06-05-um-22.03.51-e1591544647905.png?fit=1439%2C788&ssl=1","width":1439,"height":788,"caption":"Livestream aus der Schwetzinger Wollfabrik"},{"@type":"BreadcrumbList","@id":"https:\/\/hoerske.de\/blog\/2020\/06\/klein-aber-fein-eroeffnungsabend-des-schwetzinger-musical-sommers\/#breadcrumb","itemListElement":[{"@type":"ListItem","position":1,"name":"Startseite","item":"https:\/\/hoerske.de\/blog\/"},{"@type":"ListItem","position":2,"name":"Klein aber fein \u2013 Er\u00f6ffnungsabend des Schwetzinger Musical Sommers"}]},{"@type":"WebSite","@id":"https:\/\/hoerske.de\/blog\/#website","url":"https:\/\/hoerske.de\/blog\/","name":"Timos Blog","description":"ego cogito, ergo sum","publisher":{"@id":"https:\/\/hoerske.de\/blog\/#\/schema\/person\/20677cf2167fc7027b752c3bba78d5fc"},"potentialAction":[{"@type":"SearchAction","target":{"@type":"EntryPoint","urlTemplate":"https:\/\/hoerske.de\/blog\/?s={search_term_string}"},"query-input":{"@type":"PropertyValueSpecification","valueRequired":true,"valueName":"search_term_string"}}],"inLanguage":"de"},{"@type":["Person","Organization"],"@id":"https:\/\/hoerske.de\/blog\/#\/schema\/person\/20677cf2167fc7027b752c3bba78d5fc","name":"Timo H\u00f6rske","image":{"@type":"ImageObject","inLanguage":"de","@id":"https:\/\/i0.wp.com\/hoerske.de\/blog\/wp-content\/uploads\/2023\/01\/16711213967602.jpg?fit=1024%2C954&ssl=1","url":"https:\/\/i0.wp.com\/hoerske.de\/blog\/wp-content\/uploads\/2023\/01\/16711213967602.jpg?fit=1024%2C954&ssl=1","contentUrl":"https:\/\/i0.wp.com\/hoerske.de\/blog\/wp-content\/uploads\/2023\/01\/16711213967602.jpg?fit=1024%2C954&ssl=1","width":1024,"height":954,"caption":"Timo H\u00f6rske"},"logo":{"@id":"https:\/\/i0.wp.com\/hoerske.de\/blog\/wp-content\/uploads\/2023\/01\/16711213967602.jpg?fit=1024%2C954&ssl=1"},"description":"Jahrgang 1985, als \"Ossi\" geboren, im beschaulichen Premnitz an der Havel aufgewachsen. Natur- und Kunstliebhaber. Seit \u00fcber 10 Jahren Wahlbremerhavener, K\u00fcsten- und Windfan. So ziemlich an Allem interessiert. Schwerpunkte sind aber eindeutig Politik, Gesellschaft, Rechtswesen, Natur, Imkerei und Technik. Rotes Parteibuch, Mitglied des Jugendhilfeausschusses der Stadt Bremerhaven, Vorsitzender eines Kleing\u00e4rtnervereins, Fachberater f\u00fcr das Kleingartenwesen, Verbandschef der Bremerhavener Kleing\u00e4rtner*innen. Hobbyimker, Freizeitblogger, Techniknerd.","sameAs":["https:\/\/www.hoerske.de\/","https:\/\/www.facebook.com\/timo.hoerske","https:\/\/www.instagram.com\/thoerske\/","https:\/\/x.com\/timo_hoerske"],"url":"https:\/\/hoerske.de\/blog\/author\/roter_admin\/"}]}},"jetpack_publicize_connections":[],"jetpack_featured_media_url":"https:\/\/i0.wp.com\/hoerske.de\/blog\/wp-content\/uploads\/2020\/06\/Bildschirmfoto-2020-06-05-um-22.03.51-e1591544647905.png?fit=1439%2C788&ssl=1","jetpack_shortlink":"https:\/\/wp.me\/p4W3ht-2EH","jetpack_sharing_enabled":true,"_links":{"self":[{"href":"https:\/\/hoerske.de\/blog\/wp-json\/wp\/v2\/posts\/10211","targetHints":{"allow":["GET"]}}],"collection":[{"href":"https:\/\/hoerske.de\/blog\/wp-json\/wp\/v2\/posts"}],"about":[{"href":"https:\/\/hoerske.de\/blog\/wp-json\/wp\/v2\/types\/post"}],"author":[{"embeddable":true,"href":"https:\/\/hoerske.de\/blog\/wp-json\/wp\/v2\/users\/1"}],"replies":[{"embeddable":true,"href":"https:\/\/hoerske.de\/blog\/wp-json\/wp\/v2\/comments?post=10211"}],"version-history":[{"count":0,"href":"https:\/\/hoerske.de\/blog\/wp-json\/wp\/v2\/posts\/10211\/revisions"}],"wp:featuredmedia":[{"embeddable":true,"href":"https:\/\/hoerske.de\/blog\/wp-json\/wp\/v2\/media\/10213"}],"wp:attachment":[{"href":"https:\/\/hoerske.de\/blog\/wp-json\/wp\/v2\/media?parent=10211"}],"wp:term":[{"taxonomy":"category","embeddable":true,"href":"https:\/\/hoerske.de\/blog\/wp-json\/wp\/v2\/categories?post=10211"},{"taxonomy":"post_tag","embeddable":true,"href":"https:\/\/hoerske.de\/blog\/wp-json\/wp\/v2\/tags?post=10211"}],"curies":[{"name":"wp","href":"https:\/\/api.w.org\/{rel}","templated":true}]}}